{"id":2611,"date":"2026-04-28T10:00:00","date_gmt":"2026-04-28T08:00:00","guid":{"rendered":"https:\/\/www.adrasa.com\/?p=2611"},"modified":"2026-04-28T09:39:32","modified_gmt":"2026-04-28T07:39:32","slug":"la-liberacion-de-microfibras-empieza-mucho-antes-del-lavado","status":"publish","type":"post","link":"https:\/\/www.adrasa.com\/es\/la-liberacion-de-microfibras-empieza-mucho-antes-del-lavado\/","title":{"rendered":"La liberaci\u00f3n de microfibras empieza mucho antes del lavado"},"content":{"rendered":"\n<p>La liberaci\u00f3n de microfibras se ha convertido en uno de los debates m\u00e1s relevantes dentro de la industria textil cuando se habla de <a href=\"https:\/\/www.adrasa.com\/es\/sostenibilidad\/\">sostenibilidad<\/a>, impacto ambiental y responsabilidad de proceso. En los \u00faltimos a\u00f1os, la conversaci\u00f3n ha ganado visibilidad y ha ayudado a poner el foco en una cuesti\u00f3n que afecta tanto al comportamiento del producto textil como a su relaci\u00f3n con el entorno.<\/p>\n\n\n\n<p>Sin embargo, gran parte de este debate sigue concentr\u00e1ndose en el final del ciclo: el lavado, el uso dom\u00e9stico, la gesti\u00f3n del residuo o la posible retenci\u00f3n de part\u00edculas una vez ya se han desprendido. Son enfoques necesarios, pero no suficientes. Cuando la reflexi\u00f3n empieza solo en ese punto, se corre el riesgo de tratar la consecuencia sin revisar del todo las condiciones que la hacen posible.<\/p>\n\n\n\n<p>En realidad, una parte importante del problema empieza mucho antes. La elecci\u00f3n de la fibra, la construcci\u00f3n del tejido, la calidad del hilado, los procesos previos y las decisiones de acabado tambi\u00e9n influyen en c\u00f3mo se comporta un textil a lo largo del tiempo. Por eso, si se quiere abordar la liberaci\u00f3n de microfibras con mayor rigor, es necesario mirar m\u00e1s atr\u00e1s en el proceso y entender qu\u00e9 factores pueden contribuir a reducirla desde el origen.<\/p>\n\n\n\n<h2 class=\"wp-block-heading\">El problema no empieza en el lavado, sino mucho antes<\/h2>\n\n\n\n<p>Aunque el <a href=\"https:\/\/www.sciencedirect.com\/science\/article\/pii\/S0045653525003376\">lavado dom\u00e9stico<\/a> es uno de los momentos en los que la liberaci\u00f3n de microfibras se hace m\u00e1s visible, no deber\u00eda entenderse como el \u00fanico origen del problema. En realidad, el desprendimiento de fibras suele estar condicionado por una cadena de decisiones anteriores que afectan al comportamiento del textil desde mucho antes de que llegue al uso final.<\/p>\n\n\n\n<p>Entre esos factores, el <a href=\"https:\/\/www.sciencedirect.com\/science\/article\/pii\/S0048969724072474\">tipo de fibra<\/a> tiene un peso importante. La naturaleza del material, su longitud, su tenacidad y su comportamiento frente a la abrasi\u00f3n influyen en la facilidad con la que puede fragmentarse o desprenderse durante el uso y el lavado. La literatura reciente insiste en que no existe una \u00fanica variable determinante, pero s\u00ed una combinaci\u00f3n de propiedades del material que condicionan la propensi\u00f3n a liberar microfibras.<\/p>\n\n\n\n<p>Tambi\u00e9n es decisiva la <a href=\"https:\/\/www.sciencedirect.com\/science\/article\/pii\/S0269749124011692\">estructura del tejido<\/a>. La forma en que los hilos se organizan, el grado de compactaci\u00f3n, el peso, el espesor o el tipo de construcci\u00f3n textil pueden modificar la estabilidad mec\u00e1nica del material y su respuesta frente al rozamiento. De hecho, varios estudios han observado diferencias significativas en la liberaci\u00f3n de microfibras seg\u00fan la construcci\u00f3n del tejido, lo que refuerza la idea de que el problema no aparece de forma aislada al final del ciclo, sino que est\u00e1 vinculado al dise\u00f1o textil desde etapas previas.<\/p>\n\n\n\n<p>La <a href=\"https:\/\/www.mdpi.com\/2673-7248\/4\/4\/27\">hilatura<\/a> tambi\u00e9n desempe\u00f1a un papel clave. Aspectos como el tipo de hilo, su nivel de torsi\u00f3n, su pilosidad o la longitud efectiva de las fibras pueden influir en la cohesi\u00f3n del conjunto y en la facilidad con la que se generan fibras sueltas en la superficie. En t\u00e9rminos generales, los hilos con menor pilosidad y mayor cohesi\u00f3n tienden a mostrar un comportamiento m\u00e1s favorable frente al desprendimiento.<\/p>\n\n\n\n<p>A esto se suman los <a href=\"https:\/\/www.mdpi.com\/2079-6439\/11\/12\/105\">procesos previos de fabricaci\u00f3n<\/a>, donde ya pueden producirse tensiones mec\u00e1nicas, abrasi\u00f3n, debilitamiento localizado o alteraciones superficiales que afecten al comportamiento posterior del tejido. La producci\u00f3n textil no es neutra en este sentido: determinadas operaciones pueden dejar el material m\u00e1s expuesto al desgaste o al desprendimiento, incluso antes de su primer uso.<\/p>\n\n\n\n<p>Los <a href=\"https:\/\/www.sciencedirect.com\/science\/article\/pii\/S0048969724072474\">acabados aplicados<\/a> tambi\u00e9n forman parte de esta ecuaci\u00f3n. Aunque no act\u00faan de forma aislada ni pueden explicarlo todo, s\u00ed pueden modificar la superficie del tejido, su tacto, su estabilidad o su respuesta a la fricci\u00f3n, influyendo as\u00ed en factores que favorecen o limitan la liberaci\u00f3n de microfibras.<\/p>\n\n\n\n<p>Por \u00faltimo, la <a href=\"https:\/\/www.sciencedirect.com\/science\/article\/pii\/S2772577425000898\">resistencia mec\u00e1nica y el comportamiento superficial<\/a> del textil son determinantes. La liberaci\u00f3n de microfibras no depende \u00fanicamente del contacto con el agua o el detergente, sino tambi\u00e9n de la abrasi\u00f3n, el uso repetido, la fricci\u00f3n y la fatiga del material. En ese sentido, el lavado es muchas veces el momento en que el problema se manifiesta, pero no necesariamente el punto en el que se crea.<\/p>\n\n\n\n<p>Por eso, si se quiere abordar la liberaci\u00f3n de microfibras con mayor rigor, es necesario analizar las etapas previas del proceso y entender qu\u00e9 factores pueden contribuir a reducirla desde el origen.<\/p>\n\n\n\n<h2 class=\"wp-block-heading\">Qu\u00e9 puede influir realmente la qu\u00edmica de acabado<\/h2>\n\n\n\n<p>Cuando se habla de liberaci\u00f3n de microfibras, conviene evitar dos simplificaciones opuestas: pensar que el acabado textil no influye en absoluto o sugerir que existe un tratamiento capaz de resolver por s\u00ed solo el problema. La evidencia disponible apunta a un escenario m\u00e1s matizado. Las emisiones de microfibras dependen de m\u00faltiples variables \u2014fibra, hilado, estructura, confecci\u00f3n, uso y lavado\u2014, pero los <a href=\"https:\/\/www.sciencedirect.com\/science\/article\/pii\/S0048969724072474\">acabados textiles<\/a> tambi\u00e9n pueden modificar el comportamiento superficial y mec\u00e1nico del tejido, y por tanto influir en factores que favorecen o dificultan el desprendimiento de fibras.<\/p>\n\n\n\n<p>Una de las cuestiones relevantes es la <a href=\"https:\/\/www.sciencedirect.com\/science\/article\/abs\/pii\/S0269749120366872\">cohesi\u00f3n superficial<\/a>. Determinados tratamientos pueden alterar la forma en que las fibras quedan retenidas en la superficie del tejido, modificar la suavidad, la fricci\u00f3n entre fibras o la tendencia a formar vello superficial. En algunos estudios, ciertos acabados han mostrado efectos contrapuestos: por ejemplo, tratamientos de resinado o <a href=\"https:\/\/www.adrasa.com\/es\/sostenibilidad\/\">repelencia<\/a> pueden aumentar la fragilidad estructural, mientras que algunos suavizantes pueden reducir la fricci\u00f3n entre fibras y facilitar su aflojamiento, favoreciendo la formaci\u00f3n de fuzz y la liberaci\u00f3n posterior de microfibras.<\/p>\n\n\n\n<p>Tambi\u00e9n importa la <a href=\"https:\/\/www.sciencedirect.com\/science\/article\/pii\/S0269749124011692\">estabilidad del tejido<\/a>. Un textil con un comportamiento m\u00e1s estable frente al uso y al lavado tiende a responder mejor a las solicitaciones mec\u00e1nicas que uno con una estructura m\u00e1s abierta, m\u00e1s irregular o con mayor tendencia al desgaste. La literatura reciente insiste en que las caracter\u00edsticas estructurales del tejido, junto con su comportamiento durante el uso y el lavado, condicionan de forma importante la emisi\u00f3n de microfibras. En ese contexto, la qu\u00edmica de acabado puede contribuir a ajustar el comportamiento final del material, siempre en interacci\u00f3n con el resto de variables del proceso.<\/p>\n\n\n\n<p>Otro punto clave es la <a href=\"https:\/\/www.mdpi.com\/2071-1050\/18\/6\/2833\">resistencia a la fricci\u00f3n y al desgaste<\/a>. La liberaci\u00f3n de microfibras est\u00e1 estrechamente relacionada con tensiones mec\u00e1nicas repetidas, tanto durante el uso como durante el lavado. No se trata solo de lo que ocurre dentro de la lavadora: el roce, la abrasi\u00f3n y la fatiga del material forman parte del problema. Por eso, cualquier decisi\u00f3n de acabado que influya en la resistencia superficial, la integridad del tejido o su respuesta a la abrasi\u00f3n puede acabar teniendo un efecto indirecto sobre la tendencia a desprender fibras.<\/p>\n\n\n\n<p>La <a href=\"https:\/\/www.sciencedirect.com\/science\/article\/pii\/S0141391022000878\">durabilidad funcional<\/a> del producto tambi\u00e9n entra en juego. Cuando un acabado contribuye a mantener mejor el rendimiento del textil en el tiempo \u2014ya sea en t\u00e9rminos de estabilidad, resistencia o comportamiento superficial\u2014, puede ayudar a reducir situaciones de deterioro prematuro que favorecen la liberaci\u00f3n de material fibroso. Esto no significa que el acabado \u201cevite\u201d microfibras, sino que puede formar parte de una estrategia orientada a reducir condiciones que favorecen su generaci\u00f3n.<\/p>\n\n\n\n<p>En otras palabras, la qu\u00edmica de acabado no debe entenderse como una soluci\u00f3n aislada, sino como una herramienta t\u00e9cnica que puede influir en el rendimiento real del tejido. Su papel est\u00e1 en contribuir a mejorar cohesi\u00f3n, estabilidad, comportamiento frente al uso y respuesta al desgaste, siempre dentro de una visi\u00f3n m\u00e1s amplia del proceso textil. Hablar de microfibras con rigor implica precisamente eso: reconocer que la reducci\u00f3n del problema no depende de un \u00fanico factor, pero tambi\u00e9n que algunas decisiones de acabado s\u00ed pueden ayudar a limitar los mecanismos que favorecen su liberaci\u00f3n.<\/p>\n\n\n\n<h2 class=\"wp-block-heading\">Acabado, rendimiento y durabilidad: una relaci\u00f3n m\u00e1s importante de lo que parece<\/h2>\n\n\n\n<p>Cuando se analiza la liberaci\u00f3n de microfibras, es f\u00e1cil centrar toda la atenci\u00f3n en la part\u00edcula desprendida y perder de vista una cuesti\u00f3n m\u00e1s amplia: <strong>c\u00f3mo envejece, se desgasta y se comporta un textil a lo largo del tiempo<\/strong>. Sin embargo, esa mirada m\u00e1s amplia es clave. Un tejido con mejor <a href=\"https:\/\/www.sciencedirect.com\/science\/article\/pii\/S2772577425000898\">estabilidad mec\u00e1nica<\/a>, mejor comportamiento superficial y mayor resistencia al uso no solo suele ofrecer un rendimiento m\u00e1s consistente, sino que tambi\u00e9n puede mostrar una respuesta m\u00e1s controlada frente a las tensiones que favorecen el desprendimiento de fibras.<\/p>\n\n\n\n<p>La relaci\u00f3n entre <a href=\"https:\/\/dialnet.unirioja.es\/descarga\/articulo\/10374227.pdf\">durabilidad textil<\/a> y sostenibilidad es cada vez m\u00e1s relevante. En t\u00e9rminos ambientales, prolongar la vida \u00fatil de un producto puede reducir la necesidad de sustituci\u00f3n, disminuir la presi\u00f3n sobre los recursos y repartir su impacto durante un periodo mayor de uso. Distintos trabajos recientes insisten en que la durabilidad no debe verse solo como una prestaci\u00f3n comercial, sino tambi\u00e9n como un factor de sostenibilidad dentro del ciclo de vida del producto.<\/p>\n\n\n\n<p>En el caso concreto de las microfibras, esta relaci\u00f3n se vuelve especialmente importante. La evidencia disponible muestra que la <a href=\"https:\/\/www.sciencedirect.com\/science\/article\/abs\/pii\/S0269749124005207\">edad de la prenda<\/a> influye en la liberaci\u00f3n de fibras durante el lavado: las prendas m\u00e1s envejecidas o sometidas a m\u00e1s uso tienden a presentar m\u00e1s da\u00f1o superficial y a desprender m\u00e1s material. Esto sugiere que el deterioro acumulado no solo afecta al aspecto o al tacto del tejido, sino tambi\u00e9n a su comportamiento ambiental.<\/p>\n\n\n\n<p>Aqu\u00ed es donde el <a href=\"https:\/\/www.sciencedirect.com\/science\/article\/abs\/pii\/S0269749120366872\">acabado textil<\/a> adquiere una dimensi\u00f3n especialmente relevante. Cuando contribuye a mejorar la estabilidad del tejido, su resistencia a la abrasi\u00f3n o su comportamiento funcional durante el uso, no solo est\u00e1 aportando una prestaci\u00f3n t\u00e9cnica inmediata. Tambi\u00e9n puede ayudar a que el material mantenga mejor sus propiedades en el tiempo y a que su degradaci\u00f3n sea m\u00e1s controlada. Eso no equivale a afirmar que un acabado \u201cevita\u201d la liberaci\u00f3n de microfibras, pero s\u00ed permite entender que ciertas decisiones de proceso pueden influir en condiciones que favorecen o aceleran el desprendimiento.<\/p>\n\n\n\n<p>Desde esta perspectiva, hablar de <a href=\"https:\/\/www.eea.europa.eu\/en\/analysis\/publications\/textiles-and-the-environment-the-role-of-design-in-europes-circular-economy-1\">durabilidad funcional<\/a> ya no es solo hablar de calidad o de vida \u00fatil comercial. Es tambi\u00e9n hablar de una estrategia de sostenibilidad m\u00e1s madura, donde el rendimiento del textil, su resistencia al uso y su estabilidad a lo largo del tiempo forman parte de una misma conversaci\u00f3n. En un contexto en el que la industria textil est\u00e1 llamada a ser m\u00e1s responsable, pensar en tejidos que duren mejor y se comporten de forma m\u00e1s estable tambi\u00e9n es una manera de abordar el problema desde el origen.<\/p>\n\n\n\n<h2 class=\"wp-block-heading\">Por qu\u00e9 no existe una soluci\u00f3n \u00fanica<\/h2>\n\n\n\n<p>Uno de los mayores riesgos al abordar la liberaci\u00f3n de microfibras es buscar una respuesta simple para un problema que, en realidad, es claramente <a href=\"https:\/\/www.sciencedirect.com\/science\/article\/pii\/S0048969724072474\">multifactorial<\/a>. La tentaci\u00f3n de atribuir la soluci\u00f3n a un \u00fanico producto, a un solo acabado o a una intervenci\u00f3n puntual puede resultar atractiva desde el punto de vista comunicativo, pero no refleja la complejidad real del comportamiento textil.<\/p>\n\n\n\n<p>La reducci\u00f3n de microfibras depende, en primer lugar, del <a href=\"https:\/\/www.eea.europa.eu\/en\/analysis\/publications\/textiles-and-the-environment-the-role-of-design-in-europes-circular-economy-1\">dise\u00f1o textil<\/a>. La manera en que se concibe un producto, los objetivos funcionales que se le asignan y las decisiones que se toman desde fases tempranas condicionan tanto su rendimiento como su comportamiento frente al desgaste. No se trata solo de lo que ocurre en la \u00faltima etapa del proceso, sino de c\u00f3mo se articula el producto desde el inicio.<\/p>\n\n\n\n<p>Tambi\u00e9n es determinante la <a href=\"https:\/\/www.sciencedirect.com\/science\/article\/pii\/S0269749124011692\">selecci\u00f3n de la fibra<\/a>. Su naturaleza, longitud, resistencia, finura y comportamiento mec\u00e1nico influyen directamente en la tendencia del material a fragmentarse o desprenderse con el tiempo. A esto se a\u00f1ade la <a href=\"https:\/\/www.mdpi.com\/2673-7248\/4\/4\/27\">construcci\u00f3n del tejido<\/a>, que puede aportar mayor o menor cohesi\u00f3n estructural, estabilidad dimensional y resistencia frente a la abrasi\u00f3n.<\/p>\n\n\n\n<p>Los <a href=\"https:\/\/www.sciencedirect.com\/science\/article\/abs\/pii\/S0269749120366872\">procesos qu\u00edmicos<\/a>, incluidos los acabados, forman parte de esta ecuaci\u00f3n, pero no act\u00faan de manera independiente. Su influencia debe leerse siempre en relaci\u00f3n con el tipo de tejido, la fibra utilizada, las tensiones mec\u00e1nicas del proceso y el comportamiento esperado del producto final. Pensar que una sola formulaci\u00f3n puede resolver por completo la liberaci\u00f3n de microfibras ser\u00eda simplificar en exceso una realidad que depende de m\u00faltiples interacciones.<\/p>\n\n\n\n<p>A partir de ah\u00ed, entran en juego las <a href=\"https:\/\/www.sciencedirect.com\/science\/article\/abs\/pii\/S0269749124005207\">condiciones de uso<\/a>, el <a href=\"https:\/\/www.sciencedirect.com\/science\/article\/pii\/S0045653525003376\">lavado y el mantenimiento<\/a>. La frecuencia de lavado, la temperatura, la acci\u00f3n mec\u00e1nica, los detergentes empleados o incluso la intensidad de uso de la prenda pueden modificar de manera importante la cantidad de fibras liberadas. Esto explica por qu\u00e9 dos textiles aparentemente similares pueden comportarse de forma distinta una vez salen al mercado y entran en condiciones reales de uso.<\/p>\n\n\n\n<p>Por \u00faltimo, la <a href=\"https:\/\/www.sciencedirect.com\/science\/article\/pii\/S2772577425000898\">verificaci\u00f3n<\/a> es esencial. Si se quiere hablar con seriedad de reducci\u00f3n de microfibras, no basta con intuir comportamientos o apoyarse en mensajes generales. Es necesario contrastar, medir, comparar y entender c\u00f3mo responde el textil en condiciones concretas. La credibilidad t\u00e9cnica depende precisamente de esa capacidad para pasar del discurso a la evidencia.<\/p>\n\n\n\n<p>Por eso, m\u00e1s que buscar soluciones \u00fanicas, lo que hace falta es una<a href=\"https:\/\/www.eea.europa.eu\/en\/analysis\/publications\/textiles-and-the-environment-the-role-of-design-in-europes-circular-economy-1\"> mirada sist\u00e9mica<\/a>: una forma de entender que la liberaci\u00f3n de microfibras se construye \u2014y tambi\u00e9n puede empezar a reducirse\u2014 a trav\u00e9s de un conjunto de decisiones conectadas entre s\u00ed. Solo desde esa visi\u00f3n amplia es posible avanzar hacia respuestas m\u00e1s realistas, m\u00e1s t\u00e9cnicas y m\u00e1s \u00fatiles para la industria.<\/p>\n\n\n\n<h2 class=\"wp-block-heading\">La importancia de hablar con precisi\u00f3n t\u00e9cnica<\/h2>\n\n\n\n<p>En un tema como la liberaci\u00f3n de microfibras, el lenguaje importa casi tanto como la tecnolog\u00eda. Cuando la conversaci\u00f3n se simplifica en exceso, se corre el riesgo de convertir un reto t\u00e9cnico complejo en una promesa f\u00e1cil de comunicar pero dif\u00edcil de sostener. Y ah\u00ed es donde conviene ser especialmente cuidadosos. La industria textil necesita avanzar, pero tambi\u00e9n necesita hacerlo con<a href=\"https:\/\/www.sciencedirect.com\/science\/article\/pii\/S0048969724072474\"> precisi\u00f3n t\u00e9cnica<\/a>, evitando mensajes que sugieran soluciones absolutas all\u00ed donde lo que existe, en realidad, son contribuciones parciales dentro de un sistema mucho m\u00e1s amplio.<\/p>\n\n\n\n<p>Hablar con rigor implica reconocer que la<a href=\"https:\/\/www.eea.europa.eu\/en\/analysis\/publications\/textiles-and-the-environment-the-role-of-design-in-europes-circular-economy-1\"> innovaci\u00f3n \u00fatil<\/a> no es la que promete resultados m\u00e1gicos, sino la que aporta criterio, mejora el conocimiento del proceso y ayuda a tomar decisiones m\u00e1s responsables. En muchos casos, el verdadero progreso no llega a trav\u00e9s de grandes afirmaciones, sino mediante ajustes bien planteados, formulaciones m\u00e1s adecuadas, validaciones m\u00e1s s\u00f3lidas y una comprensi\u00f3n m\u00e1s precisa del comportamiento del textil a lo largo del tiempo.<\/p>\n\n\n\n<p>Desde esa perspectiva, la<a href=\"https:\/\/www.sciencedirect.com\/science\/article\/abs\/pii\/S0269749120366872\"> qu\u00edmica textil<\/a> puede formar parte de la respuesta, pero no desde la promesa simplificada, sino desde la validaci\u00f3n y la responsabilidad. Su valor est\u00e1 en contribuir a mejorar determinadas condiciones del tejido \u2014cohesi\u00f3n, estabilidad, resistencia al desgaste, comportamiento funcional\u2014 que pueden influir en la tendencia a liberar fibras, siempre dentro de una l\u00f3gica de proceso y no como una soluci\u00f3n aislada.<\/p>\n\n\n\n<p>Por eso, si se quiere avanzar de verdad en este terreno, hace falta una comunicaci\u00f3n m\u00e1s madura y m\u00e1s t\u00e9cnica: una forma de explicar que reducir la liberaci\u00f3n de microfibras no depende de un \u00fanico factor, pero tampoco es ajeno a las decisiones de proceso. Entre el discurso exagerado y el inmovilismo, existe un espacio mucho m\u00e1s \u00fatil: el de la<a href=\"https:\/\/www.sciencedirect.com\/science\/article\/pii\/S2772577425000898\"> responsabilidad t\u00e9cnica<\/a>, la verificaci\u00f3n y el trabajo bien fundamentado. Y es precisamente ah\u00ed donde la innovaci\u00f3n puede aportar m\u00e1s valor a largo plazo.<\/p>\n\n\n\n<h2 class=\"wp-block-heading\">Conclusi\u00f3n<\/h2>\n\n\n\n<p>La liberaci\u00f3n de microfibras no empieza \u00fanicamente cuando el textil se lava. Empieza mucho antes, en una cadena de decisiones que afecta al material, a la estructura, al proceso y al comportamiento final del producto. Por eso, si se quiere abordar este reto con mayor rigor, no basta con mirar el problema cuando ya se manifiesta: es necesario entender tambi\u00e9n qu\u00e9 ocurre en las etapas previas y qu\u00e9 margen real de actuaci\u00f3n existe desde el origen.<\/p>\n\n\n\n<p>En este contexto, la qu\u00edmica de acabado no debe presentarse como una respuesta \u00fanica ni como una soluci\u00f3n milagrosa. Pero s\u00ed puede formar parte de una estrategia m\u00e1s amplia, ayudando a mejorar la estabilidad del tejido, su comportamiento frente al uso y determinadas condiciones que influyen en la liberaci\u00f3n de fibras a lo largo del tiempo.<\/p>\n\n\n\n<p>Avanzar hacia soluciones m\u00e1s responsables y realistas exige precisamente eso: comprender mejor el proceso, evitar simplificaciones y asumir que la sostenibilidad t\u00e9cnica no se construye a partir de mensajes aislados, sino a partir de decisiones conectadas, validadas y bien fundamentadas.<strong>Lee m\u00e1s contenidos sobre innovaci\u00f3n y qu\u00edmica textil en el <\/strong><a href=\"http:\/\/adrasa.com\/blog\"><strong>blog de ADRASA<\/strong><\/a><strong>, o <\/strong><a href=\"http:\/\/adrasa.com\/contact\"><strong>contacta<\/strong><\/a><strong> con nuestro equipo para seguir la conversaci\u00f3n.<\/strong><\/p>\n","protected":false},"excerpt":{"rendered":"<p>La liberaci\u00f3n de microfibras se ha convertido en uno de los debates m\u00e1s relevantes dentro de la industria textil cuando se habla de sostenibilidad, impacto ambiental y responsabilidad de proceso. En los \u00faltimos a\u00f1os, la conversaci\u00f3n ha ganado visibilidad y ha ayudado a poner el foco en una cuesti\u00f3n que afecta tanto al comportamiento del [&hellip;]<\/p>\n","protected":false},"author":1,"featured_media":2610,"comment_status":"closed","ping_status":"open","sticky":false,"template":"","format":"standard","meta":{"_acf_changed":false,"footnotes":""},"categories":[146,1],"tags":[],"resource_type":[],"resource_topic":[],"class_list":["post-2611","post","type-post","status-publish","format-standard","has-post-thumbnail","hentry","category-acabados-textiles","category-sin-categoria"],"acf":[],"yoast_head":"<!-- This site is optimized with the Yoast SEO plugin v27.5 - https:\/\/yoast.com\/product\/yoast-seo-wordpress\/ -->\n<title>La liberaci\u00f3n de microfibras empieza mucho antes del lavado - ADRASA - Assessors Del Ram d&#039;Aigua, S.A.<\/title>\n<meta name=\"robots\" content=\"index, follow, max-snippet:-1, max-image-preview:large, max-video-preview:-1\" \/>\n<link rel=\"canonical\" href=\"https:\/\/www.adrasa.com\/es\/la-liberacion-de-microfibras-empieza-mucho-antes-del-lavado\/\" \/>\n<meta property=\"og:locale\" content=\"es_ES\" \/>\n<meta property=\"og:type\" content=\"article\" \/>\n<meta property=\"og:title\" content=\"La liberaci\u00f3n de microfibras empieza mucho antes del lavado - ADRASA - Assessors Del Ram d&#039;Aigua, S.A.\" \/>\n<meta property=\"og:description\" content=\"La liberaci\u00f3n de microfibras se ha convertido en uno de los debates m\u00e1s relevantes dentro de la industria textil cuando se habla de sostenibilidad, impacto ambiental y responsabilidad de proceso. En los \u00faltimos a\u00f1os, la conversaci\u00f3n ha ganado visibilidad y ha ayudado a poner el foco en una cuesti\u00f3n que afecta tanto al comportamiento del [&hellip;]\" \/>\n<meta property=\"og:url\" content=\"https:\/\/www.adrasa.com\/es\/la-liberacion-de-microfibras-empieza-mucho-antes-del-lavado\/\" \/>\n<meta property=\"og:site_name\" content=\"ADRASA - Assessors Del Ram d&#039;Aigua, S.A.\" \/>\n<meta property=\"article:published_time\" content=\"2026-04-28T08:00:00+00:00\" \/>\n<meta property=\"og:image\" content=\"https:\/\/www.adrasa.com\/wp-content\/uploads\/2026\/04\/adrasa-microfiber-release-starts-long-before-washing.jpg\" \/>\n\t<meta property=\"og:image:width\" content=\"1200\" \/>\n\t<meta property=\"og:image:height\" content=\"800\" \/>\n\t<meta property=\"og:image:type\" content=\"image\/jpeg\" \/>\n<meta name=\"author\" content=\"itdo\" \/>\n<meta name=\"twitter:card\" content=\"summary_large_image\" \/>\n<meta name=\"twitter:label1\" content=\"Escrito por\" \/>\n\t<meta name=\"twitter:data1\" content=\"itdo\" \/>\n\t<meta name=\"twitter:label2\" content=\"Tiempo de lectura\" \/>\n\t<meta name=\"twitter:data2\" content=\"12 minutos\" \/>\n<script type=\"application\/ld+json\" class=\"yoast-schema-graph\">{\"@context\":\"https:\\\/\\\/schema.org\",\"@graph\":[{\"@type\":\"BlogPosting\",\"@id\":\"https:\\\/\\\/www.adrasa.com\\\/es\\\/la-liberacion-de-microfibras-empieza-mucho-antes-del-lavado\\\/#article\",\"isPartOf\":{\"@id\":\"https:\\\/\\\/www.adrasa.com\\\/es\\\/la-liberacion-de-microfibras-empieza-mucho-antes-del-lavado\\\/\"},\"author\":{\"name\":\"itdo\",\"@id\":\"https:\\\/\\\/www.adrasa.com\\\/es\\\/#\\\/schema\\\/person\\\/1db8f850f9d6edab7fdc716cdd26060d\"},\"headline\":\"La liberaci\u00f3n de microfibras empieza mucho antes del lavado\",\"datePublished\":\"2026-04-28T10:00:00+02:00\",\"mainEntityOfPage\":{\"@id\":\"https:\\\/\\\/www.adrasa.com\\\/es\\\/la-liberacion-de-microfibras-empieza-mucho-antes-del-lavado\\\/\"},\"wordCount\":2869,\"publisher\":{\"@id\":\"https:\\\/\\\/www.adrasa.com\\\/es\\\/#organization\"},\"image\":{\"@type\":\"ImageObject\",\"url\":\"https:\\\/\\\/www.adrasa.com\\\/wp-content\\\/uploads\\\/2026\\\/04\\\/adrasa-microfiber-release-starts-long-before-washing.jpg\",\"width\":1200,\"height\":800},\"thumbnailUrl\":\"https:\\\/\\\/www.adrasa.com\\\/wp-content\\\/uploads\\\/2026\\\/04\\\/adrasa-microfiber-release-starts-long-before-washing.jpg\",\"articleSection\":[\"Acabados Textiles\",\"Sin categor\u00eda\"],\"inLanguage\":\"es\",\"description\":\"La liberaci\u00f3n de microfibras se ha convertido en uno de los debates m\u00e1s relevantes dentro de la industria textil cuando se habla de sostenibilidad, impacto ambiental y responsabilidad de proceso. En los \u00faltimos a\u00f1os, la conversaci\u00f3n ha ganado visibilidad y ha ayudado a poner el foco en una cuesti\u00f3n que afecta tanto al comportamiento del [&hellip;]\",\"dateModified\":\"2026-04-28T09:39:32+02:00\",\"url\":\"https:\\\/\\\/www.adrasa.com\\\/es\\\/la-liberacion-de-microfibras-empieza-mucho-antes-del-lavado\\\/\"},{\"@type\":\"WebPage\",\"@id\":\"https:\\\/\\\/www.adrasa.com\\\/es\\\/la-liberacion-de-microfibras-empieza-mucho-antes-del-lavado\\\/\",\"url\":\"https:\\\/\\\/www.adrasa.com\\\/es\\\/la-liberacion-de-microfibras-empieza-mucho-antes-del-lavado\\\/\",\"name\":\"La liberaci\u00f3n de microfibras empieza mucho antes del lavado - ADRASA - Assessors Del Ram d&#039;Aigua, S.A.\",\"isPartOf\":{\"@id\":\"https:\\\/\\\/www.adrasa.com\\\/es\\\/#website\"},\"primaryImageOfPage\":{\"@id\":\"https:\\\/\\\/www.adrasa.com\\\/es\\\/la-liberacion-de-microfibras-empieza-mucho-antes-del-lavado\\\/#primaryimage\"},\"image\":{\"@id\":\"https:\\\/\\\/www.adrasa.com\\\/es\\\/la-liberacion-de-microfibras-empieza-mucho-antes-del-lavado\\\/#primaryimage\"},\"thumbnailUrl\":\"https:\\\/\\\/www.adrasa.com\\\/wp-content\\\/uploads\\\/2026\\\/04\\\/adrasa-microfiber-release-starts-long-before-washing.jpg\",\"datePublished\":\"2026-04-28T08:00:00+00:00\",\"breadcrumb\":{\"@id\":\"https:\\\/\\\/www.adrasa.com\\\/es\\\/la-liberacion-de-microfibras-empieza-mucho-antes-del-lavado\\\/#breadcrumb\"},\"inLanguage\":\"es\",\"potentialAction\":[{\"@type\":\"ReadAction\",\"target\":[\"https:\\\/\\\/www.adrasa.com\\\/es\\\/la-liberacion-de-microfibras-empieza-mucho-antes-del-lavado\\\/\"]}]},{\"@type\":\"ImageObject\",\"inLanguage\":\"es\",\"@id\":\"https:\\\/\\\/www.adrasa.com\\\/es\\\/la-liberacion-de-microfibras-empieza-mucho-antes-del-lavado\\\/#primaryimage\",\"url\":\"https:\\\/\\\/www.adrasa.com\\\/wp-content\\\/uploads\\\/2026\\\/04\\\/adrasa-microfiber-release-starts-long-before-washing.jpg\",\"contentUrl\":\"https:\\\/\\\/www.adrasa.com\\\/wp-content\\\/uploads\\\/2026\\\/04\\\/adrasa-microfiber-release-starts-long-before-washing.jpg\",\"width\":1200,\"height\":800},{\"@type\":\"BreadcrumbList\",\"@id\":\"https:\\\/\\\/www.adrasa.com\\\/es\\\/la-liberacion-de-microfibras-empieza-mucho-antes-del-lavado\\\/#breadcrumb\",\"itemListElement\":[{\"@type\":\"ListItem\",\"position\":1,\"name\":\"Portada\",\"item\":\"https:\\\/\\\/www.adrasa.com\\\/es\\\/\"},{\"@type\":\"ListItem\",\"position\":2,\"name\":\"La liberaci\u00f3n de microfibras empieza mucho antes del lavado\"}]},{\"@type\":\"WebSite\",\"@id\":\"https:\\\/\\\/www.adrasa.com\\\/es\\\/#website\",\"url\":\"https:\\\/\\\/www.adrasa.com\\\/es\\\/\",\"name\":\"Adrasa, Sustainable textile finishing, from lab to scale\",\"description\":\"Sustainable textile finishing, from lab to scale\",\"publisher\":{\"@id\":\"https:\\\/\\\/www.adrasa.com\\\/es\\\/#organization\"},\"alternateName\":\"ADRASA (Assessors del Ram D'Aigua, S.A.)\",\"potentialAction\":[{\"@type\":\"SearchAction\",\"target\":{\"@type\":\"EntryPoint\",\"urlTemplate\":\"https:\\\/\\\/www.adrasa.com\\\/es\\\/?s={search_term_string}\"},\"query-input\":{\"@type\":\"PropertyValueSpecification\",\"valueRequired\":true,\"valueName\":\"search_term_string\"}}],\"inLanguage\":\"es\"},{\"@type\":\"Organization\",\"@id\":\"https:\\\/\\\/www.adrasa.com\\\/es\\\/#organization\",\"name\":\"Adrasa, Sustainable textile finishing, from lab to scale\",\"url\":\"https:\\\/\\\/www.adrasa.com\\\/es\\\/\",\"logo\":{\"@type\":\"ImageObject\",\"inLanguage\":\"es\",\"@id\":\"https:\\\/\\\/www.adrasa.com\\\/es\\\/#\\\/schema\\\/logo\\\/image\\\/\",\"url\":\"https:\\\/\\\/www.adrasa.com\\\/wp-content\\\/uploads\\\/2025\\\/12\\\/logo_ADRASA_claim.webp\",\"contentUrl\":\"https:\\\/\\\/www.adrasa.com\\\/wp-content\\\/uploads\\\/2025\\\/12\\\/logo_ADRASA_claim.webp\",\"width\":578,\"height\":122,\"caption\":\"Adrasa, Sustainable textile finishing, from lab to scale\"},\"image\":{\"@id\":\"https:\\\/\\\/www.adrasa.com\\\/es\\\/#\\\/schema\\\/logo\\\/image\\\/\"},\"sameAs\":[\"https:\\\/\\\/www.instagram.com\\\/adrasa_textile_finishing\\\/\"]},{\"@type\":\"Person\",\"@id\":\"https:\\\/\\\/www.adrasa.com\\\/es\\\/#\\\/schema\\\/person\\\/1db8f850f9d6edab7fdc716cdd26060d\",\"name\":\"itdo\",\"image\":{\"@type\":\"ImageObject\",\"inLanguage\":\"es\",\"@id\":\"https:\\\/\\\/secure.gravatar.com\\\/avatar\\\/e25f692fa2bf86045df9814214ff32a923d8d470c87f229d00e91943ed610058?s=96&d=mm&r=g\",\"url\":\"https:\\\/\\\/secure.gravatar.com\\\/avatar\\\/e25f692fa2bf86045df9814214ff32a923d8d470c87f229d00e91943ed610058?s=96&d=mm&r=g\",\"contentUrl\":\"https:\\\/\\\/secure.gravatar.com\\\/avatar\\\/e25f692fa2bf86045df9814214ff32a923d8d470c87f229d00e91943ed610058?s=96&d=mm&r=g\",\"caption\":\"itdo\"},\"sameAs\":[\"https:\\\/\\\/www.adrasa.com\"],\"url\":\"https:\\\/\\\/www.adrasa.com\\\/es\\\/author\\\/itdo\\\/\"}]}<\/script>\n<!-- \/ Yoast SEO plugin. -->","yoast_head_json":{"title":"La liberaci\u00f3n de microfibras empieza mucho antes del lavado - ADRASA - Assessors Del Ram d&#039;Aigua, S.A.","robots":{"index":"index","follow":"follow","max-snippet":"max-snippet:-1","max-image-preview":"max-image-preview:large","max-video-preview":"max-video-preview:-1"},"canonical":"https:\/\/www.adrasa.com\/es\/la-liberacion-de-microfibras-empieza-mucho-antes-del-lavado\/","og_locale":"es_ES","og_type":"article","og_title":"La liberaci\u00f3n de microfibras empieza mucho antes del lavado - ADRASA - Assessors Del Ram d&#039;Aigua, S.A.","og_description":"La liberaci\u00f3n de microfibras se ha convertido en uno de los debates m\u00e1s relevantes dentro de la industria textil cuando se habla de sostenibilidad, impacto ambiental y responsabilidad de proceso. En los \u00faltimos a\u00f1os, la conversaci\u00f3n ha ganado visibilidad y ha ayudado a poner el foco en una cuesti\u00f3n que afecta tanto al comportamiento del [&hellip;]","og_url":"https:\/\/www.adrasa.com\/es\/la-liberacion-de-microfibras-empieza-mucho-antes-del-lavado\/","og_site_name":"ADRASA - Assessors Del Ram d&#039;Aigua, S.A.","article_published_time":"2026-04-28T08:00:00+00:00","og_image":[{"width":1200,"height":800,"url":"https:\/\/www.adrasa.com\/wp-content\/uploads\/2026\/04\/adrasa-microfiber-release-starts-long-before-washing.jpg","type":"image\/jpeg"}],"author":"itdo","twitter_card":"summary_large_image","twitter_misc":{"Escrito por":"itdo","Tiempo de lectura":"12 minutos"},"schema":{"@context":"https:\/\/schema.org","@graph":[{"@type":"BlogPosting","@id":"https:\/\/www.adrasa.com\/es\/la-liberacion-de-microfibras-empieza-mucho-antes-del-lavado\/#article","isPartOf":{"@id":"https:\/\/www.adrasa.com\/es\/la-liberacion-de-microfibras-empieza-mucho-antes-del-lavado\/"},"author":{"name":"itdo","@id":"https:\/\/www.adrasa.com\/es\/#\/schema\/person\/1db8f850f9d6edab7fdc716cdd26060d"},"headline":"La liberaci\u00f3n de microfibras empieza mucho antes del lavado","datePublished":"2026-04-28T10:00:00+02:00","mainEntityOfPage":{"@id":"https:\/\/www.adrasa.com\/es\/la-liberacion-de-microfibras-empieza-mucho-antes-del-lavado\/"},"wordCount":2869,"publisher":{"@id":"https:\/\/www.adrasa.com\/es\/#organization"},"image":{"@type":"ImageObject","url":"https:\/\/www.adrasa.com\/wp-content\/uploads\/2026\/04\/adrasa-microfiber-release-starts-long-before-washing.jpg","width":1200,"height":800},"thumbnailUrl":"https:\/\/www.adrasa.com\/wp-content\/uploads\/2026\/04\/adrasa-microfiber-release-starts-long-before-washing.jpg","articleSection":["Acabados Textiles","Sin categor\u00eda"],"inLanguage":"es","description":"La liberaci\u00f3n de microfibras se ha convertido en uno de los debates m\u00e1s relevantes dentro de la industria textil cuando se habla de sostenibilidad, impacto ambiental y responsabilidad de proceso. En los \u00faltimos a\u00f1os, la conversaci\u00f3n ha ganado visibilidad y ha ayudado a poner el foco en una cuesti\u00f3n que afecta tanto al comportamiento del [&hellip;]","dateModified":"2026-04-28T09:39:32+02:00","url":"https:\/\/www.adrasa.com\/es\/la-liberacion-de-microfibras-empieza-mucho-antes-del-lavado\/"},{"@type":"WebPage","@id":"https:\/\/www.adrasa.com\/es\/la-liberacion-de-microfibras-empieza-mucho-antes-del-lavado\/","url":"https:\/\/www.adrasa.com\/es\/la-liberacion-de-microfibras-empieza-mucho-antes-del-lavado\/","name":"La liberaci\u00f3n de microfibras empieza mucho antes del lavado - ADRASA - Assessors Del Ram d&#039;Aigua, S.A.","isPartOf":{"@id":"https:\/\/www.adrasa.com\/es\/#website"},"primaryImageOfPage":{"@id":"https:\/\/www.adrasa.com\/es\/la-liberacion-de-microfibras-empieza-mucho-antes-del-lavado\/#primaryimage"},"image":{"@id":"https:\/\/www.adrasa.com\/es\/la-liberacion-de-microfibras-empieza-mucho-antes-del-lavado\/#primaryimage"},"thumbnailUrl":"https:\/\/www.adrasa.com\/wp-content\/uploads\/2026\/04\/adrasa-microfiber-release-starts-long-before-washing.jpg","datePublished":"2026-04-28T08:00:00+00:00","breadcrumb":{"@id":"https:\/\/www.adrasa.com\/es\/la-liberacion-de-microfibras-empieza-mucho-antes-del-lavado\/#breadcrumb"},"inLanguage":"es","potentialAction":[{"@type":"ReadAction","target":["https:\/\/www.adrasa.com\/es\/la-liberacion-de-microfibras-empieza-mucho-antes-del-lavado\/"]}]},{"@type":"ImageObject","inLanguage":"es","@id":"https:\/\/www.adrasa.com\/es\/la-liberacion-de-microfibras-empieza-mucho-antes-del-lavado\/#primaryimage","url":"https:\/\/www.adrasa.com\/wp-content\/uploads\/2026\/04\/adrasa-microfiber-release-starts-long-before-washing.jpg","contentUrl":"https:\/\/www.adrasa.com\/wp-content\/uploads\/2026\/04\/adrasa-microfiber-release-starts-long-before-washing.jpg","width":1200,"height":800},{"@type":"BreadcrumbList","@id":"https:\/\/www.adrasa.com\/es\/la-liberacion-de-microfibras-empieza-mucho-antes-del-lavado\/#breadcrumb","itemListElement":[{"@type":"ListItem","position":1,"name":"Portada","item":"https:\/\/www.adrasa.com\/es\/"},{"@type":"ListItem","position":2,"name":"La liberaci\u00f3n de microfibras empieza mucho antes del lavado"}]},{"@type":"WebSite","@id":"https:\/\/www.adrasa.com\/es\/#website","url":"https:\/\/www.adrasa.com\/es\/","name":"Adrasa, Sustainable textile finishing, from lab to scale","description":"Sustainable textile finishing, from lab to scale","publisher":{"@id":"https:\/\/www.adrasa.com\/es\/#organization"},"alternateName":"ADRASA (Assessors del Ram D'Aigua, S.A.)","potentialAction":[{"@type":"SearchAction","target":{"@type":"EntryPoint","urlTemplate":"https:\/\/www.adrasa.com\/es\/?s={search_term_string}"},"query-input":{"@type":"PropertyValueSpecification","valueRequired":true,"valueName":"search_term_string"}}],"inLanguage":"es"},{"@type":"Organization","@id":"https:\/\/www.adrasa.com\/es\/#organization","name":"Adrasa, Sustainable textile finishing, from lab to scale","url":"https:\/\/www.adrasa.com\/es\/","logo":{"@type":"ImageObject","inLanguage":"es","@id":"https:\/\/www.adrasa.com\/es\/#\/schema\/logo\/image\/","url":"https:\/\/www.adrasa.com\/wp-content\/uploads\/2025\/12\/logo_ADRASA_claim.webp","contentUrl":"https:\/\/www.adrasa.com\/wp-content\/uploads\/2025\/12\/logo_ADRASA_claim.webp","width":578,"height":122,"caption":"Adrasa, Sustainable textile finishing, from lab to scale"},"image":{"@id":"https:\/\/www.adrasa.com\/es\/#\/schema\/logo\/image\/"},"sameAs":["https:\/\/www.instagram.com\/adrasa_textile_finishing\/"]},{"@type":"Person","@id":"https:\/\/www.adrasa.com\/es\/#\/schema\/person\/1db8f850f9d6edab7fdc716cdd26060d","name":"itdo","image":{"@type":"ImageObject","inLanguage":"es","@id":"https:\/\/secure.gravatar.com\/avatar\/e25f692fa2bf86045df9814214ff32a923d8d470c87f229d00e91943ed610058?s=96&d=mm&r=g","url":"https:\/\/secure.gravatar.com\/avatar\/e25f692fa2bf86045df9814214ff32a923d8d470c87f229d00e91943ed610058?s=96&d=mm&r=g","contentUrl":"https:\/\/secure.gravatar.com\/avatar\/e25f692fa2bf86045df9814214ff32a923d8d470c87f229d00e91943ed610058?s=96&d=mm&r=g","caption":"itdo"},"sameAs":["https:\/\/www.adrasa.com"],"url":"https:\/\/www.adrasa.com\/es\/author\/itdo\/"}]}},"_links":{"self":[{"href":"https:\/\/www.adrasa.com\/es\/wp-json\/wp\/v2\/posts\/2611","targetHints":{"allow":["GET"]}}],"collection":[{"href":"https:\/\/www.adrasa.com\/es\/wp-json\/wp\/v2\/posts"}],"about":[{"href":"https:\/\/www.adrasa.com\/es\/wp-json\/wp\/v2\/types\/post"}],"author":[{"embeddable":true,"href":"https:\/\/www.adrasa.com\/es\/wp-json\/wp\/v2\/users\/1"}],"replies":[{"embeddable":true,"href":"https:\/\/www.adrasa.com\/es\/wp-json\/wp\/v2\/comments?post=2611"}],"version-history":[{"count":1,"href":"https:\/\/www.adrasa.com\/es\/wp-json\/wp\/v2\/posts\/2611\/revisions"}],"predecessor-version":[{"id":2612,"href":"https:\/\/www.adrasa.com\/es\/wp-json\/wp\/v2\/posts\/2611\/revisions\/2612"}],"wp:featuredmedia":[{"embeddable":true,"href":"https:\/\/www.adrasa.com\/es\/wp-json\/wp\/v2\/media\/2610"}],"wp:attachment":[{"href":"https:\/\/www.adrasa.com\/es\/wp-json\/wp\/v2\/media?parent=2611"}],"wp:term":[{"taxonomy":"category","embeddable":true,"href":"https:\/\/www.adrasa.com\/es\/wp-json\/wp\/v2\/categories?post=2611"},{"taxonomy":"post_tag","embeddable":true,"href":"https:\/\/www.adrasa.com\/es\/wp-json\/wp\/v2\/tags?post=2611"},{"taxonomy":"resource_type","embeddable":true,"href":"https:\/\/www.adrasa.com\/es\/wp-json\/wp\/v2\/resource_type?post=2611"},{"taxonomy":"resource_topic","embeddable":true,"href":"https:\/\/www.adrasa.com\/es\/wp-json\/wp\/v2\/resource_topic?post=2611"}],"curies":[{"name":"wp","href":"https:\/\/api.w.org\/{rel}","templated":true}]}}