{"id":2599,"date":"2026-04-21T10:30:00","date_gmt":"2026-04-21T08:30:00","guid":{"rendered":"https:\/\/www.adrasa.com\/?p=2599"},"modified":"2026-04-21T11:48:34","modified_gmt":"2026-04-21T09:48:34","slug":"adrasa-en-techtextil-frankfurt-2026","status":"publish","type":"post","link":"https:\/\/www.adrasa.com\/es\/adrasa-en-techtextil-frankfurt-2026\/","title":{"rendered":"ADRASA en Techtextil Frankfurt 2026"},"content":{"rendered":"<p>ADRASA est\u00e1 esta semana en Frankfurt con motivo de Techtextil 2026, uno de los grandes puntos de encuentro internacionales para los textiles t\u00e9cnicos, la qu\u00edmica textil y los procesos avanzados de acabado.<\/p>\n<p>Estar presentes en la feria nos permite compartir de forma directa c\u00f3mo evoluciona nuestro trabajo en qu\u00edmica m\u00e1s segura, eficiencia de proceso y acabado textil m\u00e1s responsable. Tambi\u00e9n es el entorno adecuado para contrastar necesidades reales con tintorer\u00edas, marcas y colaboradores de toda la cadena de valor.<\/p>\n<p>Para nosotros, Techtextil no es solo una cita de visibilidad. Es una oportunidad para mantener conversaciones t\u00e9cnicas \u00fatiles, entender retos industriales concretos y seguir transformando esas necesidades en soluciones aplicables, consistentes y viables a escala productiva.<\/p>\n<p>Si est\u00e1is estos d\u00edas en Frankfurt, estaremos encantados de encontrarnos y hablar sobre proyectos actuales, retos de acabado y el rumbo que debe tomar la qu\u00edmica textil en los pr\u00f3ximos a\u00f1os.<\/p>\n","protected":false},"excerpt":{"rendered":"<p>ADRASA est\u00e1 en Frankfurt con motivo de Techtextil 2026, compartiendo conversaci\u00f3n con clientes, colaboradores y profesionales del sector sobre acabado textil m\u00e1s seguro, eficiente y responsable.<\/p>\n","protected":false},"author":1,"featured_media":2596,"comment_status":"closed","ping_status":"closed","sticky":false,"template":"","format":"standard","meta":{"_acf_changed":false,"footnotes":""},"categories":[140],"tags":[],"resource_type":[],"resource_topic":[],"class_list":["post-2599","post","type-post","status-publish","format-standard","has-post-thumbnail","hentry","category-eventos"],"acf":[],"yoast_head":"<!-- This site is optimized with the Yoast SEO plugin v27.5 - https:\/\/yoast.com\/product\/yoast-seo-wordpress\/ -->\n<title>ADRASA en Techtextil Frankfurt 2026 - ADRASA - Assessors Del Ram d&#039;Aigua, S.A.<\/title>\n<meta name=\"description\" content=\"ADRASA est\u00e1 en Frankfurt con motivo de Techtextil 2026, compartiendo conversaci\u00f3n con clientes, colaboradores y profesionales del sector sobre acabado textil m\u00e1s seguro, eficiente y responsable.\" \/>\n<meta name=\"robots\" content=\"index, follow, max-snippet:-1, max-image-preview:large, max-video-preview:-1\" \/>\n<link rel=\"canonical\" href=\"https:\/\/www.adrasa.com\/es\/adrasa-en-techtextil-frankfurt-2026\/\" \/>\n<meta property=\"og:locale\" content=\"es_ES\" \/>\n<meta property=\"og:type\" content=\"article\" \/>\n<meta property=\"og:title\" content=\"ADRASA en Techtextil Frankfurt 2026 - ADRASA - Assessors Del Ram d&#039;Aigua, S.A.\" \/>\n<meta property=\"og:description\" content=\"ADRASA est\u00e1 en Frankfurt con motivo de Techtextil 2026, compartiendo conversaci\u00f3n con clientes, colaboradores y profesionales del sector sobre acabado textil m\u00e1s seguro, eficiente y responsable.\" \/>\n<meta property=\"og:url\" content=\"https:\/\/www.adrasa.com\/es\/adrasa-en-techtextil-frankfurt-2026\/\" \/>\n<meta property=\"og:site_name\" content=\"ADRASA - Assessors Del Ram d&#039;Aigua, S.A.\" \/>\n<meta property=\"article:published_time\" content=\"2026-04-21T08:30:00+00:00\" \/>\n<meta property=\"article:modified_time\" content=\"2026-04-21T09:48:34+00:00\" \/>\n<meta property=\"og:image\" content=\"https:\/\/www.adrasa.com\/wp-content\/uploads\/2026\/04\/techtextil-frankfurt-2026-1.png\" \/>\n\t<meta property=\"og:image:width\" content=\"1\" \/>\n\t<meta property=\"og:image:height\" content=\"1\" \/>\n\t<meta property=\"og:image:type\" content=\"image\/png\" \/>\n<meta name=\"author\" content=\"itdo\" \/>\n<meta name=\"twitter:card\" content=\"summary_large_image\" \/>\n<meta name=\"twitter:label1\" content=\"Escrito por\" \/>\n\t<meta name=\"twitter:data1\" content=\"itdo\" \/>\n\t<meta name=\"twitter:label2\" content=\"Tiempo de lectura\" \/>\n\t<meta name=\"twitter:data2\" content=\"1 minuto\" \/>\n<script type=\"application\/ld+json\" class=\"yoast-schema-graph\">{\"@context\":\"https:\\\/\\\/schema.org\",\"@graph\":[{\"@type\":\"BlogPosting\",\"@id\":\"https:\\\/\\\/www.adrasa.com\\\/es\\\/adrasa-en-techtextil-frankfurt-2026\\\/#article\",\"isPartOf\":{\"@id\":\"https:\\\/\\\/www.adrasa.com\\\/es\\\/adrasa-en-techtextil-frankfurt-2026\\\/\"},\"author\":{\"name\":\"itdo\",\"@id\":\"https:\\\/\\\/www.adrasa.com\\\/es\\\/#\\\/schema\\\/person\\\/1db8f850f9d6edab7fdc716cdd26060d\"},\"headline\":\"ADRASA en Techtextil Frankfurt 2026\",\"datePublished\":\"2026-04-21T10:30:00+02:00\",\"dateModified\":\"2026-04-21T11:48:34+02:00\",\"mainEntityOfPage\":{\"@id\":\"https:\\\/\\\/www.adrasa.com\\\/es\\\/adrasa-en-techtextil-frankfurt-2026\\\/\"},\"wordCount\":163,\"publisher\":{\"@id\":\"https:\\\/\\\/www.adrasa.com\\\/es\\\/#organization\"},\"image\":{\"@type\":\"ImageObject\",\"url\":\"https:\\\/\\\/www.adrasa.com\\\/wp-content\\\/uploads\\\/2026\\\/04\\\/techtextil-frankfurt-2026-1.png\",\"width\":1080,\"height\":732},\"thumbnailUrl\":\"https:\\\/\\\/www.adrasa.com\\\/wp-content\\\/uploads\\\/2026\\\/04\\\/techtextil-frankfurt-2026-1.png\",\"articleSection\":[\"eventos\"],\"inLanguage\":\"es\",\"description\":\"ADRASA est\u00e1 en Frankfurt con motivo de Techtextil 2026, compartiendo conversaci\u00f3n con clientes, colaboradores y profesionales del sector sobre acabado textil m\u00e1s seguro, eficiente y responsable.\",\"url\":\"https:\\\/\\\/www.adrasa.com\\\/es\\\/adrasa-en-techtextil-frankfurt-2026\\\/\"},{\"@type\":\"WebPage\",\"@id\":\"https:\\\/\\\/www.adrasa.com\\\/es\\\/adrasa-en-techtextil-frankfurt-2026\\\/\",\"url\":\"https:\\\/\\\/www.adrasa.com\\\/es\\\/adrasa-en-techtextil-frankfurt-2026\\\/\",\"name\":\"ADRASA en Techtextil Frankfurt 2026 - ADRASA - Assessors Del Ram d&#039;Aigua, S.A.\",\"isPartOf\":{\"@id\":\"https:\\\/\\\/www.adrasa.com\\\/es\\\/#website\"},\"primaryImageOfPage\":{\"@id\":\"https:\\\/\\\/www.adrasa.com\\\/es\\\/adrasa-en-techtextil-frankfurt-2026\\\/#primaryimage\"},\"image\":{\"@id\":\"https:\\\/\\\/www.adrasa.com\\\/es\\\/adrasa-en-techtextil-frankfurt-2026\\\/#primaryimage\"},\"thumbnailUrl\":\"https:\\\/\\\/www.adrasa.com\\\/wp-content\\\/uploads\\\/2026\\\/04\\\/techtextil-frankfurt-2026-1.png\",\"datePublished\":\"2026-04-21T08:30:00+00:00\",\"dateModified\":\"2026-04-21T09:48:34+00:00\",\"description\":\"ADRASA est\u00e1 en Frankfurt con motivo de Techtextil 2026, compartiendo conversaci\u00f3n con clientes, colaboradores y profesionales del sector sobre acabado textil m\u00e1s seguro, eficiente y responsable.\",\"breadcrumb\":{\"@id\":\"https:\\\/\\\/www.adrasa.com\\\/es\\\/adrasa-en-techtextil-frankfurt-2026\\\/#breadcrumb\"},\"inLanguage\":\"es\",\"potentialAction\":[{\"@type\":\"ReadAction\",\"target\":[\"https:\\\/\\\/www.adrasa.com\\\/es\\\/adrasa-en-techtextil-frankfurt-2026\\\/\"]}]},{\"@type\":\"ImageObject\",\"inLanguage\":\"es\",\"@id\":\"https:\\\/\\\/www.adrasa.com\\\/es\\\/adrasa-en-techtextil-frankfurt-2026\\\/#primaryimage\",\"url\":\"https:\\\/\\\/www.adrasa.com\\\/wp-content\\\/uploads\\\/2026\\\/04\\\/techtextil-frankfurt-2026-1.png\",\"contentUrl\":\"https:\\\/\\\/www.adrasa.com\\\/wp-content\\\/uploads\\\/2026\\\/04\\\/techtextil-frankfurt-2026-1.png\",\"width\":1080,\"height\":732},{\"@type\":\"BreadcrumbList\",\"@id\":\"https:\\\/\\\/www.adrasa.com\\\/es\\\/adrasa-en-techtextil-frankfurt-2026\\\/#breadcrumb\",\"itemListElement\":[{\"@type\":\"ListItem\",\"position\":1,\"name\":\"Portada\",\"item\":\"https:\\\/\\\/www.adrasa.com\\\/es\\\/\"},{\"@type\":\"ListItem\",\"position\":2,\"name\":\"ADRASA en Techtextil Frankfurt 2026\"}]},{\"@type\":\"WebSite\",\"@id\":\"https:\\\/\\\/www.adrasa.com\\\/es\\\/#website\",\"url\":\"https:\\\/\\\/www.adrasa.com\\\/es\\\/\",\"name\":\"Adrasa, Sustainable textile finishing, from lab to scale\",\"description\":\"Sustainable textile finishing, from lab to scale\",\"publisher\":{\"@id\":\"https:\\\/\\\/www.adrasa.com\\\/es\\\/#organization\"},\"alternateName\":\"ADRASA (Assessors del Ram D'Aigua, S.A.)\",\"potentialAction\":[{\"@type\":\"SearchAction\",\"target\":{\"@type\":\"EntryPoint\",\"urlTemplate\":\"https:\\\/\\\/www.adrasa.com\\\/es\\\/?s={search_term_string}\"},\"query-input\":{\"@type\":\"PropertyValueSpecification\",\"valueRequired\":true,\"valueName\":\"search_term_string\"}}],\"inLanguage\":\"es\"},{\"@type\":\"Organization\",\"@id\":\"https:\\\/\\\/www.adrasa.com\\\/es\\\/#organization\",\"name\":\"Adrasa, Sustainable textile finishing, from lab to scale\",\"url\":\"https:\\\/\\\/www.adrasa.com\\\/es\\\/\",\"logo\":{\"@type\":\"ImageObject\",\"inLanguage\":\"es\",\"@id\":\"https:\\\/\\\/www.adrasa.com\\\/es\\\/#\\\/schema\\\/logo\\\/image\\\/\",\"url\":\"https:\\\/\\\/www.adrasa.com\\\/wp-content\\\/uploads\\\/2025\\\/12\\\/logo_ADRASA_claim.webp\",\"contentUrl\":\"https:\\\/\\\/www.adrasa.com\\\/wp-content\\\/uploads\\\/2025\\\/12\\\/logo_ADRASA_claim.webp\",\"width\":578,\"height\":122,\"caption\":\"Adrasa, Sustainable textile finishing, from lab to scale\"},\"image\":{\"@id\":\"https:\\\/\\\/www.adrasa.com\\\/es\\\/#\\\/schema\\\/logo\\\/image\\\/\"},\"sameAs\":[\"https:\\\/\\\/www.instagram.com\\\/adrasa_textile_finishing\\\/\"]},{\"@type\":\"Person\",\"@id\":\"https:\\\/\\\/www.adrasa.com\\\/es\\\/#\\\/schema\\\/person\\\/1db8f850f9d6edab7fdc716cdd26060d\",\"name\":\"itdo\",\"image\":{\"@type\":\"ImageObject\",\"inLanguage\":\"es\",\"@id\":\"https:\\\/\\\/secure.gravatar.com\\\/avatar\\\/e25f692fa2bf86045df9814214ff32a923d8d470c87f229d00e91943ed610058?s=96&d=mm&r=g\",\"url\":\"https:\\\/\\\/secure.gravatar.com\\\/avatar\\\/e25f692fa2bf86045df9814214ff32a923d8d470c87f229d00e91943ed610058?s=96&d=mm&r=g\",\"contentUrl\":\"https:\\\/\\\/secure.gravatar.com\\\/avatar\\\/e25f692fa2bf86045df9814214ff32a923d8d470c87f229d00e91943ed610058?s=96&d=mm&r=g\",\"caption\":\"itdo\"},\"sameAs\":[\"https:\\\/\\\/www.adrasa.com\"],\"url\":\"https:\\\/\\\/www.adrasa.com\\\/es\\\/author\\\/itdo\\\/\"}]}<\/script>\n<!-- \/ Yoast SEO plugin. -->","yoast_head_json":{"title":"ADRASA en Techtextil Frankfurt 2026 - ADRASA - Assessors Del Ram d&#039;Aigua, S.A.","description":"ADRASA est\u00e1 en Frankfurt con motivo de Techtextil 2026, compartiendo conversaci\u00f3n con clientes, colaboradores y profesionales del sector sobre acabado textil m\u00e1s seguro, eficiente y responsable.","robots":{"index":"index","follow":"follow","max-snippet":"max-snippet:-1","max-image-preview":"max-image-preview:large","max-video-preview":"max-video-preview:-1"},"canonical":"https:\/\/www.adrasa.com\/es\/adrasa-en-techtextil-frankfurt-2026\/","og_locale":"es_ES","og_type":"article","og_title":"ADRASA en Techtextil Frankfurt 2026 - ADRASA - Assessors Del Ram d&#039;Aigua, S.A.","og_description":"ADRASA est\u00e1 en Frankfurt con motivo de Techtextil 2026, compartiendo conversaci\u00f3n con clientes, colaboradores y profesionales del sector sobre acabado textil m\u00e1s seguro, eficiente y responsable.","og_url":"https:\/\/www.adrasa.com\/es\/adrasa-en-techtextil-frankfurt-2026\/","og_site_name":"ADRASA - Assessors Del Ram d&#039;Aigua, S.A.","article_published_time":"2026-04-21T08:30:00+00:00","article_modified_time":"2026-04-21T09:48:34+00:00","og_image":[{"url":"https:\/\/www.adrasa.com\/wp-content\/uploads\/2026\/04\/techtextil-frankfurt-2026-1.png","width":1,"height":1,"type":"image\/png"}],"author":"itdo","twitter_card":"summary_large_image","twitter_misc":{"Escrito por":"itdo","Tiempo de lectura":"1 minuto"},"schema":{"@context":"https:\/\/schema.org","@graph":[{"@type":"BlogPosting","@id":"https:\/\/www.adrasa.com\/es\/adrasa-en-techtextil-frankfurt-2026\/#article","isPartOf":{"@id":"https:\/\/www.adrasa.com\/es\/adrasa-en-techtextil-frankfurt-2026\/"},"author":{"name":"itdo","@id":"https:\/\/www.adrasa.com\/es\/#\/schema\/person\/1db8f850f9d6edab7fdc716cdd26060d"},"headline":"ADRASA en Techtextil Frankfurt 2026","datePublished":"2026-04-21T10:30:00+02:00","dateModified":"2026-04-21T11:48:34+02:00","mainEntityOfPage":{"@id":"https:\/\/www.adrasa.com\/es\/adrasa-en-techtextil-frankfurt-2026\/"},"wordCount":163,"publisher":{"@id":"https:\/\/www.adrasa.com\/es\/#organization"},"image":{"@type":"ImageObject","url":"https:\/\/www.adrasa.com\/wp-content\/uploads\/2026\/04\/techtextil-frankfurt-2026-1.png","width":1080,"height":732},"thumbnailUrl":"https:\/\/www.adrasa.com\/wp-content\/uploads\/2026\/04\/techtextil-frankfurt-2026-1.png","articleSection":["eventos"],"inLanguage":"es","description":"ADRASA est\u00e1 en Frankfurt con motivo de Techtextil 2026, compartiendo conversaci\u00f3n con clientes, colaboradores y profesionales del sector sobre acabado textil m\u00e1s seguro, eficiente y responsable.","url":"https:\/\/www.adrasa.com\/es\/adrasa-en-techtextil-frankfurt-2026\/"},{"@type":"WebPage","@id":"https:\/\/www.adrasa.com\/es\/adrasa-en-techtextil-frankfurt-2026\/","url":"https:\/\/www.adrasa.com\/es\/adrasa-en-techtextil-frankfurt-2026\/","name":"ADRASA en Techtextil Frankfurt 2026 - ADRASA - Assessors Del Ram d&#039;Aigua, S.A.","isPartOf":{"@id":"https:\/\/www.adrasa.com\/es\/#website"},"primaryImageOfPage":{"@id":"https:\/\/www.adrasa.com\/es\/adrasa-en-techtextil-frankfurt-2026\/#primaryimage"},"image":{"@id":"https:\/\/www.adrasa.com\/es\/adrasa-en-techtextil-frankfurt-2026\/#primaryimage"},"thumbnailUrl":"https:\/\/www.adrasa.com\/wp-content\/uploads\/2026\/04\/techtextil-frankfurt-2026-1.png","datePublished":"2026-04-21T08:30:00+00:00","dateModified":"2026-04-21T09:48:34+00:00","description":"ADRASA est\u00e1 en Frankfurt con motivo de Techtextil 2026, compartiendo conversaci\u00f3n con clientes, colaboradores y profesionales del sector sobre acabado textil m\u00e1s seguro, eficiente y responsable.","breadcrumb":{"@id":"https:\/\/www.adrasa.com\/es\/adrasa-en-techtextil-frankfurt-2026\/#breadcrumb"},"inLanguage":"es","potentialAction":[{"@type":"ReadAction","target":["https:\/\/www.adrasa.com\/es\/adrasa-en-techtextil-frankfurt-2026\/"]}]},{"@type":"ImageObject","inLanguage":"es","@id":"https:\/\/www.adrasa.com\/es\/adrasa-en-techtextil-frankfurt-2026\/#primaryimage","url":"https:\/\/www.adrasa.com\/wp-content\/uploads\/2026\/04\/techtextil-frankfurt-2026-1.png","contentUrl":"https:\/\/www.adrasa.com\/wp-content\/uploads\/2026\/04\/techtextil-frankfurt-2026-1.png","width":1080,"height":732},{"@type":"BreadcrumbList","@id":"https:\/\/www.adrasa.com\/es\/adrasa-en-techtextil-frankfurt-2026\/#breadcrumb","itemListElement":[{"@type":"ListItem","position":1,"name":"Portada","item":"https:\/\/www.adrasa.com\/es\/"},{"@type":"ListItem","position":2,"name":"ADRASA en Techtextil Frankfurt 2026"}]},{"@type":"WebSite","@id":"https:\/\/www.adrasa.com\/es\/#website","url":"https:\/\/www.adrasa.com\/es\/","name":"Adrasa, Sustainable textile finishing, from lab to scale","description":"Sustainable textile finishing, from lab to scale","publisher":{"@id":"https:\/\/www.adrasa.com\/es\/#organization"},"alternateName":"ADRASA (Assessors del Ram D'Aigua, S.A.)","potentialAction":[{"@type":"SearchAction","target":{"@type":"EntryPoint","urlTemplate":"https:\/\/www.adrasa.com\/es\/?s={search_term_string}"},"query-input":{"@type":"PropertyValueSpecification","valueRequired":true,"valueName":"search_term_string"}}],"inLanguage":"es"},{"@type":"Organization","@id":"https:\/\/www.adrasa.com\/es\/#organization","name":"Adrasa, Sustainable textile finishing, from lab to scale","url":"https:\/\/www.adrasa.com\/es\/","logo":{"@type":"ImageObject","inLanguage":"es","@id":"https:\/\/www.adrasa.com\/es\/#\/schema\/logo\/image\/","url":"https:\/\/www.adrasa.com\/wp-content\/uploads\/2025\/12\/logo_ADRASA_claim.webp","contentUrl":"https:\/\/www.adrasa.com\/wp-content\/uploads\/2025\/12\/logo_ADRASA_claim.webp","width":578,"height":122,"caption":"Adrasa, Sustainable textile finishing, from lab to scale"},"image":{"@id":"https:\/\/www.adrasa.com\/es\/#\/schema\/logo\/image\/"},"sameAs":["https:\/\/www.instagram.com\/adrasa_textile_finishing\/"]},{"@type":"Person","@id":"https:\/\/www.adrasa.com\/es\/#\/schema\/person\/1db8f850f9d6edab7fdc716cdd26060d","name":"itdo","image":{"@type":"ImageObject","inLanguage":"es","@id":"https:\/\/secure.gravatar.com\/avatar\/e25f692fa2bf86045df9814214ff32a923d8d470c87f229d00e91943ed610058?s=96&d=mm&r=g","url":"https:\/\/secure.gravatar.com\/avatar\/e25f692fa2bf86045df9814214ff32a923d8d470c87f229d00e91943ed610058?s=96&d=mm&r=g","contentUrl":"https:\/\/secure.gravatar.com\/avatar\/e25f692fa2bf86045df9814214ff32a923d8d470c87f229d00e91943ed610058?s=96&d=mm&r=g","caption":"itdo"},"sameAs":["https:\/\/www.adrasa.com"],"url":"https:\/\/www.adrasa.com\/es\/author\/itdo\/"}]}},"_links":{"self":[{"href":"https:\/\/www.adrasa.com\/es\/wp-json\/wp\/v2\/posts\/2599","targetHints":{"allow":["GET"]}}],"collection":[{"href":"https:\/\/www.adrasa.com\/es\/wp-json\/wp\/v2\/posts"}],"about":[{"href":"https:\/\/www.adrasa.com\/es\/wp-json\/wp\/v2\/types\/post"}],"author":[{"embeddable":true,"href":"https:\/\/www.adrasa.com\/es\/wp-json\/wp\/v2\/users\/1"}],"replies":[{"embeddable":true,"href":"https:\/\/www.adrasa.com\/es\/wp-json\/wp\/v2\/comments?post=2599"}],"version-history":[{"count":0,"href":"https:\/\/www.adrasa.com\/es\/wp-json\/wp\/v2\/posts\/2599\/revisions"}],"wp:featuredmedia":[{"embeddable":true,"href":"https:\/\/www.adrasa.com\/es\/wp-json\/wp\/v2\/media\/2596"}],"wp:attachment":[{"href":"https:\/\/www.adrasa.com\/es\/wp-json\/wp\/v2\/media?parent=2599"}],"wp:term":[{"taxonomy":"category","embeddable":true,"href":"https:\/\/www.adrasa.com\/es\/wp-json\/wp\/v2\/categories?post=2599"},{"taxonomy":"post_tag","embeddable":true,"href":"https:\/\/www.adrasa.com\/es\/wp-json\/wp\/v2\/tags?post=2599"},{"taxonomy":"resource_type","embeddable":true,"href":"https:\/\/www.adrasa.com\/es\/wp-json\/wp\/v2\/resource_type?post=2599"},{"taxonomy":"resource_topic","embeddable":true,"href":"https:\/\/www.adrasa.com\/es\/wp-json\/wp\/v2\/resource_topic?post=2599"}],"curies":[{"name":"wp","href":"https:\/\/api.w.org\/{rel}","templated":true}]}}